{"id":634,"date":"2024-11-20T11:11:00","date_gmt":"2024-11-20T11:11:00","guid":{"rendered":"https:\/\/www.shaktipathinternational.com\/?p=634"},"modified":"2024-11-15T15:13:59","modified_gmt":"2024-11-15T15:13:59","slug":"il-sole-fonte-di-vita-energia-e-saggezza-universale","status":"publish","type":"post","link":"https:\/\/www.shaktipathinternational.com\/en\/il-sole-fonte-di-vita-energia-e-saggezza-universale\/","title":{"rendered":"Il Sole: Fonte di Vita, Energia e Saggezza Universale"},"content":{"rendered":"\t\t<div data-elementor-type=\"wp-post\" data-elementor-id=\"634\" class=\"elementor elementor-634\">\n\t\t\t\t\t\t<section class=\"elementor-section elementor-top-section elementor-element elementor-element-30dd187 elementor-section-boxed elementor-section-height-default elementor-section-height-default\" data-id=\"30dd187\" data-element_type=\"section\" data-e-type=\"section\">\n\t\t\t\t\t\t<div class=\"elementor-container elementor-column-gap-default\">\n\t\t\t\t\t<div class=\"elementor-column elementor-col-100 elementor-top-column elementor-element elementor-element-780b42a\" data-id=\"780b42a\" data-element_type=\"column\" data-e-type=\"column\">\n\t\t\t<div class=\"elementor-widget-wrap elementor-element-populated\">\n\t\t\t\t\t\t<div class=\"elementor-element elementor-element-65edde2 elementor-widget elementor-widget-text-editor\" data-id=\"65edde2\" data-element_type=\"widget\" data-e-type=\"widget\" data-widget_type=\"text-editor.default\">\n\t\t\t\t<div class=\"elementor-widget-container\">\n\t\t\t\t\t\t\t\t\t<p>Tratto dal libro \u201clo Yoga del sole\u201d<\/p><h2>L&#8217;importanza del prana nella nostra vita<\/h2><p>Poco importa se, per ora, non conoscete la natura di tali elementi. Ci\u00f2 che posso dirvi in poche parole \u00e8 che si trovano nel prana.<br \/>Il prana \u00e8 una forza vitale, la vitalit\u00e0 che viene dal sole: la respiriamo con l&#8217;aria e la assorbiamo attraverso tutte le nostre cellule.<\/p><p>Se volete, il prana \u00e8 paragonabile all&#8217;acqua, un&#8217;acqua che scende dalle alte montagne, un fiume che porta con s\u00e9 molti elementi nutritivi per i pesci, per gli animali e per gli uomini che vivono lungo le sue rive.<br \/>Il prana \u00e8 un fiume che, provenendo dal sole, giunge fino a noi, e dal quale dobbiamo attingere gli elementi di cui abbiamo bisogno tramite la respirazione e la meditazione.<\/p>\t\t\t\t\t\t\t\t<\/div>\n\t\t\t\t<\/div>\n\t\t\t\t<div class=\"elementor-element elementor-element-a64b426 elementor-widget elementor-widget-text-editor\" data-id=\"a64b426\" data-element_type=\"widget\" data-e-type=\"widget\" data-widget_type=\"text-editor.default\">\n\t\t\t\t<div class=\"elementor-widget-container\">\n\t\t\t\t\t\t\t\t\t<p><h2>L&#8217;Equilibrio tra Farmaco e Rimedio Spirituale<\/h2>Coloro che preferiscono la comodit\u00e0, cio\u00e8 aprire la bocca e inghiottire pastiglie, sanno che si tratta di una soluzione nociva e discutibile, in quanto impedisce loro di sviluppare la volont\u00e0.<br>Per di pi\u00f9, questo modo di curarsi arreca solo un sollievo momentaneo e superficiale, non un miglioramento profondo e duraturo.<\/p>\n<p>Quindi sostengo entrambi, sia il farmaco sia il rimedio spirituale, anche se preferisco il rimedio spirituale. \u00c8 naturale che i farmaci contengono le medesime sostanze del mondo vegetale e minerale provenienti dal sole, e se Dio le ha poste nella natura, lo ha fatto indubbiamente per metterci nelle condizioni di servircene, ma credere che tutto sia contenuto in esse e che solo il rimedio fisico possa ridarvi la salute, \u00e8 in contrasto con la scienza esoterica.<\/p>\t\t\t\t\t\t\t\t<\/div>\n\t\t\t\t<\/div>\n\t\t\t\t<div class=\"elementor-element elementor-element-64c0971 elementor-widget elementor-widget-text-editor\" data-id=\"64c0971\" data-element_type=\"widget\" data-e-type=\"widget\" data-widget_type=\"text-editor.default\">\n\t\t\t\t<div class=\"elementor-widget-container\">\n\t\t\t\t\t\t\t\t\t<p><h2>La Forza del Sole<\/h2>A che cosa servirebbero allora il pensiero, il sentimento, la volont\u00e0? Quindi vedete, miei cari fratelli e sorelle, non \u00e8 privo d&#8217;importanza contemplare il sole con amore, comprensione e riconoscenza. Direte: &#8220;S\u00ec, ma le particelle che si raccolgono sono imponderabili&#8221;. \u00c8 vero, sono imponderabili, ma si tratta della quintessenza della vita che il sole manda in tutto l&#8217;universo.<\/p>\n<p>Il fatto che la medicina omeopatica ha scoperto che pi\u00f9 un rimedio viene diluito e pi\u00f9 \u00e8 efficace, dimostra la veridicit\u00e0 di ci\u00f2 che vi sto dicendo. Perch\u00e9 allora, non assorbire queste particelle molto diluite, imponderabili, questa specie di vitamina di natura molto sottile che ci manda il sole attraverso i suoi raggi?<\/p>\t\t\t\t\t\t\t\t<\/div>\n\t\t\t\t<\/div>\n\t\t\t\t<div class=\"elementor-element elementor-element-df938a8 elementor-widget elementor-widget-text-editor\" data-id=\"df938a8\" data-element_type=\"widget\" data-e-type=\"widget\" data-widget_type=\"text-editor.default\">\n\t\t\t\t<div class=\"elementor-widget-container\">\n\t\t\t\t\t\t\t\t\t<h2>Il Sole come Sorgente Inesauribile di Energia<\/h2><p>In avvenire, il sole sar\u00e0 la principale sorgente di energia. Gi\u00e0 parecchi anni fa vi dissi che le fonti di energia come il petrolio e il carbone, prima o poi si esauriranno. Quando ci\u00f2 accadr\u00e0, gli uomini dovranno ricavare energia dall&#8217;acqua, dall&#8217;aria, ma soprattutto dal sole, che \u00e8 una sorgente inesauribile da cui si pu\u00f2 attingere tutto, assolutamente tutto. In questo campo si sono gi\u00e0 fatti alcuni esperimenti.<\/p><p>Noi che andiamo ad attingere nel sole la vitalit\u00e0, la salute e anche l&#8217;amore, la saggezza e la pace, precediamo l&#8217;evoluzione dell&#8217;umanit\u00e0 di parecchi secoli. Alcune persone mi hanno detto: &#8220;Con le vostre idee siete in anticipo di diversi secoli&#8221;. \u00c8 vero, in avvenire il mondo intero penser\u00e0 ci\u00f2 che noi consideriamo oggi.<\/p><p>Ora vorrei presentarvi un altro aspetto del sole. Questa mattina vi ho fatto notare quanta importanza abbia come centro del nostro universo e vi ho detto anche che, andando ogni mattina a guardarlo, ci avviciniamo al nostro centro interiore in modo naturale e automatico.<\/p>\t\t\t\t\t\t\t\t<\/div>\n\t\t\t\t<\/div>\n\t\t\t\t<div class=\"elementor-element elementor-element-3dd7ac1 elementor-widget elementor-widget-text-editor\" data-id=\"3dd7ac1\" data-element_type=\"widget\" data-e-type=\"widget\" data-widget_type=\"text-editor.default\">\n\t\t\t\t<div class=\"elementor-widget-container\">\n\t\t\t\t\t\t\t\t\t<h2>Il Potere dello Sguardo<\/h2><p>Sapete che cosa accade quando si guarda un quadro, un viso, un uccello, una montagna o il sole? Che cosa avviene in quell&#8217;istante? Lo sguardo\u2026 non c&#8217;\u00e8 nulla di pi\u00f9 vasto, di pi\u00f9 profondo, di pi\u00f9 significativo dell&#8217;atto del guardare; sembra semplice, senza segreti, ma studiate che cos&#8217;\u00e8 lo sguardo, provate a decifrarlo, tutto l&#8217;universo vi si sveler\u00e0. Si tratta della pi\u00f9 alta magia.<\/p><p>Quando guardate un oggetto, non sapete se pu\u00f2 rappresentare un pericolo o un momento di felicit\u00e0. Infatti, ci\u00f2 dipende dalla natura dell&#8217;oggetto, dalla sua forma, dalle sue irradiazioni e anche dal vostro stato interiore, poich\u00e9 tutto il vostro essere pu\u00f2 prendere la forma, le dimensioni e le qualit\u00e0 dell&#8217;oggetto stesso.<\/p><p><span style=\"color: var( --e-global-color-edaa8e8 ); font-family: var( --e-global-typography-text-font-family ), Sans-serif; font-weight: var( --e-global-typography-text-font-weight ); background-color: rgba(255, 255, 255, 0); letter-spacing: inherit;\">Direte: &#8220;Ma l&#8217;uomo non cambia forma&#8221;. Esteriormente rimane lo stesso, ma interiormente, sul piano psichico, si identifica con ci\u00f2 che guarda, \u00e8 una legge naturale, biologica.<\/span><\/p>\t\t\t\t\t\t\t\t<\/div>\n\t\t\t\t<\/div>\n\t\t\t\t<div class=\"elementor-element elementor-element-22d4c1c elementor-widget elementor-widget-text-editor\" data-id=\"22d4c1c\" data-element_type=\"widget\" data-e-type=\"widget\" data-widget_type=\"text-editor.default\">\n\t\t\t\t<div class=\"elementor-widget-container\">\n\t\t\t\t\t\t\t\t\t<p><h2>L&#8217;Esempio degli Animali<\/h2>Osservate certi animali, come per esempio il camaleonte, la mantide religiosa, le farfalle, le rane, i serpenti, gli orsi e cos\u00ec via\u2026 Continuando ad abitare in un certo ambiente naturale, hanno finito per mimetizzarsi assumendone i colori e le forme per confondersi con esso.<\/p>\n<p>Guardate l&#8217;orso polare: \u00e8 bianco come la neve nella quale vive. La natura \u00e8 riuscita a fargli assumere quel colore bianco che lo circonda\u2026 Mi direte: &#8220;E per ragioni strategiche, economiche, politiche&#8221;\u2026 \u00c8 vero, la natura vuole salvaguardare le specie animali e d\u00e0 loro modo di confondersi nell&#8217;ambiente circostante per passare inosservate e sentitevi al sicuro.<\/p>\n<p>Un giorno ho visto una medusa che cambiava colore secondo la tinta della sabbia; se la sabbia era rosa, verde, blu o grigia, la medusa cambiava colore. Era un fenomeno veramente straordinario.<\/p>\n<p>La mantide religiosa assomiglia a un ramoscello oa un filo d&#8217;erba. \u00c8 nell&#8217;erba e non \u00e8 possibile distinguerla; essa si mimetizza per due ragioni, per meglio sopravvivere e per meglio cacciare. Il mimetismo \u00e8 una legge naturale, innegabile e neppure l&#8217;uomo vi sfugge.<\/p>\t\t\t\t\t\t\t\t<\/div>\n\t\t\t\t<\/div>\n\t\t\t\t<div class=\"elementor-element elementor-element-9be1127 elementor-widget elementor-widget-text-editor\" data-id=\"9be1127\" data-element_type=\"widget\" data-e-type=\"widget\" data-widget_type=\"text-editor.default\">\n\t\t\t\t<div class=\"elementor-widget-container\">\n\t\t\t\t\t\t\t\t\t<h2>L&#8217;influenza dell&#8217;ambiente sull&#8217;anima umana<\/h2><p>Se abita in luoghi sporchi e tetri, anch&#8217;egli nei suoi pensieri e nei suoi sentimenti, diventer\u00e0 un poco a poco triste, malinconico e pessimista. Non \u00e8 il suo corpo, naturalmente, ma la sua anima che si adatta poich\u00e9 avviene una specie di osmosi, di penetrazione dell&#8217;ambiente.<\/p><p>In un altro luogo, invece, pieno di fiori, di piante, di ruscelli, accorreranno poeti, pittori e musicisti influenzati dall&#8217;incanto, dalla luce e dai colori.<\/p>\t\t\t\t\t\t\t\t<\/div>\n\t\t\t\t<\/div>\n\t\t\t\t<div class=\"elementor-element elementor-element-2205737 elementor-widget elementor-widget-text-editor\" data-id=\"2205737\" data-element_type=\"widget\" data-e-type=\"widget\" data-widget_type=\"text-editor.default\">\n\t\t\t\t<div class=\"elementor-widget-container\">\n\t\t\t\t\t\t\t\t\t<p><h2>Guardare il Sole e Trasformarsi<\/h2>Ora, quando guardiamo il sole, pur senza rendercene conto, la nostra anima prende la forma del sole stesso, diviene una sfera incandescente e luminosa. \u00c8 la stessa legge magica che entra in azione, guardando il sole, tutto il nostro essere comincia a diventare simile a lui.<\/p>\n<p><h2>Lo Sguardo come Strumento di Associazione<\/h2>Attraverso lo sguardo, l&#8217;uomo si associa all&#8217;oggetto o all&#8217;essere a cui \u00e8 rivolto, si pone al suo livello di vibrazione, lo imita, anche se inconsciamente. Quando si vede qualcuno fare smorfie o gesti, si ha la tendenza a imitarlo. Guardate i bambini; scimmiottano tutto ci\u00f2 che vedono fare dinanzi a loro! E quando vedete una persona che soffre, non cominciate forse a provare anche voi lo stesso suo dolore o gli stessi suoi dispiaceri? La cosa \u00e8 contagiosa.<\/p>\t\t\t\t\t\t\t\t<\/div>\n\t\t\t\t<\/div>\n\t\t\t\t<div class=\"elementor-element elementor-element-74679d6 elementor-widget elementor-widget-text-editor\" data-id=\"74679d6\" data-element_type=\"widget\" data-e-type=\"widget\" data-widget_type=\"text-editor.default\">\n\t\t\t\t<div class=\"elementor-widget-container\">\n\t\t\t\t\t\t\t\t\t<h2>I Medium e il Mimetismo delle Sofferenze<\/h2><p>Ed \u00e8 ancor pi\u00f9 vero per i medium, che vanno in trance; essi provano esattamente le stesse sofferenze delle persone malate o infelici che si trovano davanti a loro e, a volte, occorre persino svegliarli perch\u00e9 danno segni di un&#8217;eccessiva sofferenza.<\/p><p>Dunque, a seconda della sensibilit\u00e0, della medianit\u00e0 e dello sviluppo delle facolt\u00e0 psichiche, guardando qualcuno se ne prende le sue malattie o le sue debolezze, i suoi dolori oppure le sue qualit\u00e0 o le sue virt\u00f9. La legge \u00e8 assolutamente vera.<\/p>\t\t\t\t\t\t\t\t<\/div>\n\t\t\t\t<\/div>\n\t\t\t\t<div class=\"elementor-element elementor-element-5aabd03 elementor-widget elementor-widget-text-editor\" data-id=\"5aabd03\" data-element_type=\"widget\" data-e-type=\"widget\" data-widget_type=\"text-editor.default\">\n\t\t\t\t<div class=\"elementor-widget-container\">\n\t\t\t\t\t\t\t\t\t<h2>Il Sole come Modello da Seguire<\/h2><p>Anche quando l&#8217;uomo guarda il sole, entra in azione questa legge magica e cos\u00ec comincia ad assomigliargli. Voi tutti che vi recate a guardare il levar del sole, un giorno diventerete come lui, a condizione che lo sappiate guardare nella maniera giusta.<\/p><p><span style=\"color: var( --e-global-color-edaa8e8 ); font-family: var( --e-global-typography-text-font-family ), Sans-serif; font-weight: var( --e-global-typography-text-font-weight ); background-color: rgba(255, 255, 255, 0); letter-spacing: inherit;\">Per diventare come il sole bisogna guardarlo con molto amore, con molta fiducia; cos\u00ec diverrete pi\u00f9 luminosi, pi\u00f9 amorevoli, pi\u00f9 vivificanti e quando vi troverete fra la gente, diffondete intorno a voi luce, calore e vita.<\/span><\/p><p>Se per anni continuerete ad andare consapevolmente verso il sole, questa legge si manifester\u00e0 con grande potenza e ognuno di voi diventer\u00e0 veramente un sole.<\/p>\t\t\t\t\t\t\t\t<\/div>\n\t\t\t\t<\/div>\n\t\t\t\t<div class=\"elementor-element elementor-element-e0a7397 elementor-widget elementor-widget-text-editor\" data-id=\"e0a7397\" data-element_type=\"widget\" data-e-type=\"widget\" data-widget_type=\"text-editor.default\">\n\t\t\t\t<div class=\"elementor-widget-container\">\n\t\t\t\t\t\t\t\t\t<p><h2>La Consapevolezza del Vero Significato del Sole<\/h2>Vedete cari fratelli e sorelle quanto \u00e8 importante andare ogni mattina a contemplarlo con una coscienza illuminata, conoscendo il significato e il valore di ci\u00f2 che fate, soprattutto sapendo che, poich\u00e9 il sole \u00e8 il centro del suo sistema, guardandolo, vi avvicinate al vostro centro di cui avete perduto consapevolezza sebbene sia sempre presente in voi.<\/p>\n<p>\u00c8 il sole che rianimer\u00e0 il vostro centro, lo risveglier\u00e0 magicamente, poich\u00e9 egli stesso \u00e8 un centro. Quando lo avrete ritrovato, potrete ristabilire l&#8217;armonia con le correnti di energia e di vita che vi attraverseranno\u2026 Ecco dunque perch\u00e9 \u00e8 importante essere presenti al suo sorgere.<\/p>\n<p>Se continuate a venire ogni mattina con molto amore e molta devozione, capirete che il sole \u00e8 veramente&#8230; una persona a modo! Ve lo assicuro; una persona molto distinta\u2026 Aggiungerei persino che \u00e8 un tipo simpatico! Penserete che questo \u00e8 un modo buffo per parlare del sole\u2026 Forse, ma sto usando tutti i mezzi che ho a disposizione per farmi capire.<\/p>\t\t\t\t\t\t\t\t<\/div>\n\t\t\t\t<\/div>\n\t\t\t\t<div class=\"elementor-element elementor-element-f80f7a6 elementor-widget elementor-widget-text-editor\" data-id=\"f80f7a6\" data-element_type=\"widget\" data-e-type=\"widget\" data-widget_type=\"text-editor.default\">\n\t\t\t\t<div class=\"elementor-widget-container\">\n\t\t\t\t\t\t\t\t\t<p><h2>l Sole e la Pratica dello Yoga<\/h2>Lo sapevate che anche il sole pratica lo yoga? S\u00ec, pratica tutti gli yoga. Per esempio, il Karma-yoga, lo yoga dell&#8217;azione disinteressata; egli dona, dona senza attendere alcuna ricompensa, non vuole n\u00e9 denaro n\u00e9 ringraziamenti, dona gratuitamente.<\/p>\n<ul>\n<li><i><b>Il Karma-yoga del Sole<\/b><\/i>&nbsp;D&#8217;altronde, gli Iniziati hanno scoperto il Karma-yoga proprio osservando che il sole dona tutto gratuitamente e fa germogliare e crescere tutto, nutre il mondo intero e trova felicit\u00e0 nella sua generosit\u00e0. Ora spetta a noi praticare nella stessa misura questo grande e straordinario yoga, il Karma-yoga.<\/li>\n<li><i><b>Il Jnani-yoga del Sole<\/b><\/i> Il sole pratica anche lo Jnani-yoga, lo yoga della conoscenza. Egli guarda, osserva, conosce tutto; nulla gli \u00e8 celato, perch\u00e9 manda i suoi raggi ovunque illuminando tutto ci\u00f2 che esiste, proprio come la luce di un faro straordinario che brilla da 150 milioni di chilometri di distanza e ci osserva.<\/li>\n<li><i><b>Il Bhakti-yoga del Sole<\/b><\/i> Egli si dedica inoltre al Bhakti-yoga, lo yoga dell&#8217;amore e della devozione, poich\u00e9 \u00e8 adorando il suo Creatore che svolge bene il proprio compito. Il sole \u00e8 in un continuo stato di racconto adorazione e di racconto effervescenza, che il suo amore, la sua luce e tutta la sua riconoscenza per l&#8217;Eterno non possono fare altro che espandersi attraverso lo spazio e giungere fino a noi.<\/li>\n<li><i><b>Il Kriya-yoga del Sole<\/b><\/i>&nbsp;Per quanto riguarda il Kriya-yoga, lo yoga della luce, chi lo potrebbe praticare meglio del sole? Luminoso e irradiante, il sole non fa che proiettare luce intorno a s\u00e9! E poich\u00e9 ha ottenuto il massimo successo, \u00e8 diventato maestro in questo yoga e occorre andare da lui per impararlo.<\/li>\n<li><i><b>L&#8217;Agni-yoga del Sole&nbsp;<\/b><\/i>E l&#8217;Agni-yoga, lo yoga del fuoco? Il sole stesso \u00e8 fuoco e lo distribuisce a tutti coloro che vogliono accendere il proprio cuore, la propria candela. Egli \u00e8 la perfetta personificazione dell&#8217;Agni-yoga.<\/li>\n<li><i><b>Il Chabda-yoga del Sole<\/b><\/i> e la Sua Musica E che dire riguardo allo Chabda-yoga, se non che il sole \u00e8 il Verbo? Ci\u00f2 che ancora non si \u00e8 compreso \u00e8 che canta; s\u00ec, canta, parla, insegna, ma non si \u00e8 ancora riusciti a sentirlo. Solo qualche tempo fa alcuni scienziati si sforzano di decidere fra le onde sonore che emana; con i loro apparecchi hanno gi\u00e0 captato certi suoni, ma non sono ancora riusciti a interpretarli\u2026 S\u00ec, c&#8217;\u00e8 una musica che viene dal sole, la pi\u00f9 bella di tutte; il sole parla, canta, crea\u2026<\/li>\n<\/ul>\t\t\t\t\t\t\t\t<\/div>\n\t\t\t\t<\/div>\n\t\t\t\t<div class=\"elementor-element elementor-element-4ebfbf2 elementor-widget elementor-widget-text-editor\" data-id=\"4ebfbf2\" data-element_type=\"widget\" data-e-type=\"widget\" data-widget_type=\"text-editor.default\">\n\t\t\t\t<div class=\"elementor-widget-container\">\n\t\t\t\t\t\t\t\t\t<h2>La Musica del Sole e degli Astri<\/h2><p>Verr\u00e0 il giorno in cui gli scienziati potranno registrare la sua musica e quella dei pianeti\u2026 Mi chiederete se il sole pratica lo Hatha-yoga. Sembra infatti che abbia trascurato questo yoga e che abbia lasciato agli uomini la pena di curvarsi, di contorcersi, di piegarsi\u2026 tuttavia, si dice che il sole sorge e tramonta\u2026 Non lo fa rapidamente, non ha fretta, ma si tratta lo stesso di piccoli esercizi di Hatha-yoga.<\/p><h2>Il Sole e la Luce degli Immortali<\/h2><p>I viventi sono gli esseri immortali, eterni, coloro che abitano gi\u00e0 nella luce. Essi abitano nel sole e sono loro che ci mandano la luce. Il sole \u00e8 un mondo straordinario, popolato da angeli, arcangeli e da divinit\u00e0. Partendo dal sole, quegli esseri vanno a visitare altri pianeti per lavorare e aiutare le creature; poi ritornano\u2026 \u00c8 un&#8217;organizzazione meravigliosa\u2026 e, sovente, creature molto intelligenti, molto belle e molto potenti vengono fin qui per visitarci.\u00a0<\/p><p>Voi credete che l&#8217;universo sia una macchina assurda, priva di anima e d&#8217;intelligenza&#8230; Tutto \u00e8 intelligente nell&#8217;universo, tutto \u00e8 vivo, tutto \u00e8 colmo di significato, tutto \u00e8 bello! Vedo invece un universo popolato da creature molto intelligenti, molto belle, molto potenti; creature che vengono, che vanno, che trasmettono informazioni e messaggi, che portano aiuto\u2026 Ovunque, sulle pietre, sulle piante, sugli animali, sulle acque, sulle stelle, vi sono esseri che non smettono mai di lavorare.vi sono esseri che non smettono mai di lavorare.vi sono esseri che non smettono mai di lavorare.<\/p>\t\t\t\t\t\t\t\t<\/div>\n\t\t\t\t<\/div>\n\t\t\t\t\t<\/div>\n\t\t<\/div>\n\t\t\t\t\t<\/div>\n\t\t<\/section>\n\t\t\t\t<\/div>\n\t\t","protected":false},"excerpt":{"rendered":"<p>Tratto dal libro \u201clo Yoga del sole\u201d L&#8217;importanza del prana nella nostra vita Poco importa se, per ora, non conoscete la natura di tali elementi. Ci\u00f2 che posso dirvi in poche parole \u00e8 che si trovano nel prana.Il prana \u00e8 una forza vitale, la vitalit\u00e0 che viene dal sole: la respiriamo con l&#8217;aria e la &#8230; <a title=\"Il Sole: Fonte di Vita, Energia e Saggezza Universale\" class=\"read-more\" href=\"https:\/\/www.shaktipathinternational.com\/en\/il-sole-fonte-di-vita-energia-e-saggezza-universale\/\" aria-label=\"Read more about Il Sole: Fonte di Vita, Energia e Saggezza Universale\">Read more<\/a><\/p>\n","protected":false},"author":2,"featured_media":635,"comment_status":"closed","ping_status":"open","sticky":false,"template":"","format":"standard","meta":{"footnotes":""},"categories":[8],"tags":[16,17,14],"class_list":["post-634","post","type-post","status-publish","format-standard","has-post-thumbnail","hentry","category-filosofia","tag-energia","tag-saggezza","tag-sole"],"translation":{"provider":"WPGlobus","version":"3.0.5","language":"en","enabled_languages":["it","en"],"languages":{"it":{"title":true,"content":true,"excerpt":false},"en":{"title":false,"content":false,"excerpt":false}}},"yoast_head":"<!-- This site is optimized with the Yoast SEO plugin v28.4 - https:\/\/yoast.com\/product\/yoast-seo-wordpress\/ -->\n<title>Il Sole: Fonte di Vita, Energia e Saggezza Universale - Shaktipath<\/title>\n<meta name=\"robots\" content=\"index, follow, max-snippet:-1, max-image-preview:large, max-video-preview:-1\" \/>\n<link rel=\"canonical\" href=\"https:\/\/www.shaktipathinternational.com\/il-sole-fonte-di-vita-energia-e-saggezza-universale\/\" \/>\n<meta property=\"og:locale\" content=\"en_US\" \/>\n<meta property=\"og:type\" content=\"article\" \/>\n<meta property=\"og:title\" content=\"Il Sole: Fonte di Vita, Energia e Saggezza Universale - Shaktipath\" \/>\n<meta property=\"og:url\" content=\"https:\/\/www.shaktipathinternational.com\/il-sole-fonte-di-vita-energia-e-saggezza-universale\/\" \/>\n<meta property=\"og:site_name\" content=\"Shaktipath\" \/>\n<meta property=\"article:published_time\" content=\"2024-11-20T11:11:00+00:00\" \/>\n<meta property=\"og:image\" content=\"https:\/\/www.shaktipathinternational.com\/wp-content\/uploads\/2024\/11\/il-sole-fonte-di-vita-e-saggezza-universale.jpg\" \/>\n\t<meta property=\"og:image:width\" content=\"2240\" \/>\n\t<meta property=\"og:image:height\" content=\"1260\" \/>\n\t<meta property=\"og:image:type\" content=\"image\/jpeg\" \/>\n<meta name=\"author\" content=\"Arjuna Das\" \/>\n<meta name=\"twitter:card\" content=\"summary_large_image\" \/>\n<meta name=\"twitter:label1\" content=\"Written by\" \/>\n\t<meta name=\"twitter:data1\" content=\"Arjuna Das\" \/>\n\t<meta name=\"twitter:label2\" content=\"Est. reading time\" \/>\n\t<meta name=\"twitter:data2\" content=\"12 minutes\" \/>\n<script type=\"application\/ld+json\" class=\"yoast-schema-graph\">{\"@context\":\"https:\\\/\\\/schema.org\",\"@graph\":[{\"@type\":\"Article\",\"@id\":\"https:\\\/\\\/www.shaktipathinternational.com\\\/il-sole-fonte-di-vita-energia-e-saggezza-universale\\\/#article\",\"isPartOf\":{\"@id\":\"https:\\\/\\\/www.shaktipathinternational.com\\\/il-sole-fonte-di-vita-energia-e-saggezza-universale\\\/\"},\"author\":{\"name\":\"Arjuna Das\",\"@id\":\"https:\\\/\\\/www.shaktipathinternational.com\\\/#\\\/schema\\\/person\\\/a66cc9b8a9083e17c58d21b94941e8f1\"},\"headline\":\"Il Sole: Fonte di Vita, Energia e Saggezza Universale\",\"datePublished\":\"2024-11-20T11:11:00+00:00\",\"mainEntityOfPage\":{\"@id\":\"https:\\\/\\\/www.shaktipathinternational.com\\\/il-sole-fonte-di-vita-energia-e-saggezza-universale\\\/\"},\"wordCount\":2061,\"image\":{\"@id\":\"https:\\\/\\\/www.shaktipathinternational.com\\\/il-sole-fonte-di-vita-energia-e-saggezza-universale\\\/#primaryimage\"},\"thumbnailUrl\":\"https:\\\/\\\/www.shaktipathinternational.com\\\/wp-content\\\/uploads\\\/2024\\\/11\\\/il-sole-fonte-di-vita-e-saggezza-universale.jpg\",\"keywords\":[\"energia\",\"saggezza\",\"sole\"],\"articleSection\":[\"Filosofia\"],\"inLanguage\":\"en-US\"},{\"@type\":\"WebPage\",\"@id\":\"https:\\\/\\\/www.shaktipathinternational.com\\\/il-sole-fonte-di-vita-energia-e-saggezza-universale\\\/\",\"url\":\"https:\\\/\\\/www.shaktipathinternational.com\\\/il-sole-fonte-di-vita-energia-e-saggezza-universale\\\/\",\"name\":\"Il Sole: Fonte di Vita, Energia e Saggezza Universale - Shaktipath\",\"isPartOf\":{\"@id\":\"https:\\\/\\\/www.shaktipathinternational.com\\\/#website\"},\"primaryImageOfPage\":{\"@id\":\"https:\\\/\\\/www.shaktipathinternational.com\\\/il-sole-fonte-di-vita-energia-e-saggezza-universale\\\/#primaryimage\"},\"image\":{\"@id\":\"https:\\\/\\\/www.shaktipathinternational.com\\\/il-sole-fonte-di-vita-energia-e-saggezza-universale\\\/#primaryimage\"},\"thumbnailUrl\":\"https:\\\/\\\/www.shaktipathinternational.com\\\/wp-content\\\/uploads\\\/2024\\\/11\\\/il-sole-fonte-di-vita-e-saggezza-universale.jpg\",\"datePublished\":\"2024-11-20T11:11:00+00:00\",\"author\":{\"@id\":\"https:\\\/\\\/www.shaktipathinternational.com\\\/#\\\/schema\\\/person\\\/a66cc9b8a9083e17c58d21b94941e8f1\"},\"description\":\"Il sole, fonte di vita e saggezza, pu\u00f2 trasformare la tua energia interiore attraverso il prana, la meditazione e lo yoga.\",\"breadcrumb\":{\"@id\":\"https:\\\/\\\/www.shaktipathinternational.com\\\/il-sole-fonte-di-vita-energia-e-saggezza-universale\\\/#breadcrumb\"},\"inLanguage\":\"en-US\",\"potentialAction\":[{\"@type\":\"ReadAction\",\"target\":[\"https:\\\/\\\/www.shaktipathinternational.com\\\/il-sole-fonte-di-vita-energia-e-saggezza-universale\\\/\"]}]},{\"@type\":\"ImageObject\",\"inLanguage\":\"en-US\",\"@id\":\"https:\\\/\\\/www.shaktipathinternational.com\\\/il-sole-fonte-di-vita-energia-e-saggezza-universale\\\/#primaryimage\",\"url\":\"https:\\\/\\\/www.shaktipathinternational.com\\\/wp-content\\\/uploads\\\/2024\\\/11\\\/il-sole-fonte-di-vita-e-saggezza-universale.jpg\",\"contentUrl\":\"https:\\\/\\\/www.shaktipathinternational.com\\\/wp-content\\\/uploads\\\/2024\\\/11\\\/il-sole-fonte-di-vita-e-saggezza-universale.jpg\",\"width\":2240,\"height\":1260,\"caption\":\"il sole, fonte di vita e saggezza, pu\u00f2 trasformare la tua energia interiore attraverso il prana, la meditazione e lo yoga. Un viaggio verso armonia e luce.\"},{\"@type\":\"BreadcrumbList\",\"@id\":\"https:\\\/\\\/www.shaktipathinternational.com\\\/il-sole-fonte-di-vita-energia-e-saggezza-universale\\\/#breadcrumb\",\"itemListElement\":[{\"@type\":\"ListItem\",\"position\":1,\"name\":\"Home\",\"item\":\"https:\\\/\\\/www.shaktipathinternational.com\\\/\"},{\"@type\":\"ListItem\",\"position\":2,\"name\":\"Il Sole: Fonte di Vita, Energia e Saggezza Universale\"}]},{\"@type\":\"WebSite\",\"@id\":\"https:\\\/\\\/www.shaktipathinternational.com\\\/#website\",\"url\":\"https:\\\/\\\/www.shaktipathinternational.com\\\/\",\"name\":\"Shaktipath\",\"description\":\"Shaktipath International\",\"potentialAction\":[{\"@type\":\"SearchAction\",\"target\":{\"@type\":\"EntryPoint\",\"urlTemplate\":\"https:\\\/\\\/www.shaktipathinternational.com\\\/?s={search_term_string}\"},\"query-input\":{\"@type\":\"PropertyValueSpecification\",\"valueRequired\":true,\"valueName\":\"search_term_string\"}}],\"inLanguage\":\"en-US\"},{\"@type\":\"Person\",\"@id\":\"https:\\\/\\\/www.shaktipathinternational.com\\\/#\\\/schema\\\/person\\\/a66cc9b8a9083e17c58d21b94941e8f1\",\"name\":\"Arjuna Das\",\"image\":{\"@type\":\"ImageObject\",\"inLanguage\":\"en-US\",\"@id\":\"https:\\\/\\\/secure.gravatar.com\\\/avatar\\\/d0472a742d42fe1dd0fbeb4f89e6ab05c089b6cd1a1f9e72c2a7526acfe98bbb?s=96&d=mm&r=g\",\"url\":\"https:\\\/\\\/secure.gravatar.com\\\/avatar\\\/d0472a742d42fe1dd0fbeb4f89e6ab05c089b6cd1a1f9e72c2a7526acfe98bbb?s=96&d=mm&r=g\",\"contentUrl\":\"https:\\\/\\\/secure.gravatar.com\\\/avatar\\\/d0472a742d42fe1dd0fbeb4f89e6ab05c089b6cd1a1f9e72c2a7526acfe98bbb?s=96&d=mm&r=g\",\"caption\":\"Arjuna Das\"},\"url\":\"https:\\\/\\\/www.shaktipathinternational.com\\\/en\\\/author\\\/arjuna\\\/\"}]}<\/script>\n<!-- \/ Yoast SEO plugin. -->","yoast_head_json":{"title":"Il Sole: Fonte di Vita, Energia e Saggezza Universale - Shaktipath","robots":{"index":"index","follow":"follow","max-snippet":"max-snippet:-1","max-image-preview":"max-image-preview:large","max-video-preview":"max-video-preview:-1"},"canonical":"https:\/\/www.shaktipathinternational.com\/il-sole-fonte-di-vita-energia-e-saggezza-universale\/","og_locale":"en_US","og_type":"article","og_title":"Il Sole: Fonte di Vita, Energia e Saggezza Universale - Shaktipath","og_url":"https:\/\/www.shaktipathinternational.com\/il-sole-fonte-di-vita-energia-e-saggezza-universale\/","og_site_name":"Shaktipath","article_published_time":"2024-11-20T11:11:00+00:00","og_image":[{"width":2240,"height":1260,"url":"https:\/\/www.shaktipathinternational.com\/wp-content\/uploads\/2024\/11\/il-sole-fonte-di-vita-e-saggezza-universale.jpg","type":"image\/jpeg"}],"author":"Arjuna Das","twitter_card":"summary_large_image","twitter_misc":{"Written by":"Arjuna Das","Est. reading time":"12 minutes"},"schema":{"@context":"https:\/\/schema.org","@graph":[{"@type":"Article","@id":"https:\/\/www.shaktipathinternational.com\/il-sole-fonte-di-vita-energia-e-saggezza-universale\/#article","isPartOf":{"@id":"https:\/\/www.shaktipathinternational.com\/il-sole-fonte-di-vita-energia-e-saggezza-universale\/"},"author":{"name":"Arjuna Das","@id":"https:\/\/www.shaktipathinternational.com\/#\/schema\/person\/a66cc9b8a9083e17c58d21b94941e8f1"},"headline":"Il Sole: Fonte di Vita, Energia e Saggezza Universale","datePublished":"2024-11-20T11:11:00+00:00","mainEntityOfPage":{"@id":"https:\/\/www.shaktipathinternational.com\/il-sole-fonte-di-vita-energia-e-saggezza-universale\/"},"wordCount":2061,"image":{"@id":"https:\/\/www.shaktipathinternational.com\/il-sole-fonte-di-vita-energia-e-saggezza-universale\/#primaryimage"},"thumbnailUrl":"https:\/\/www.shaktipathinternational.com\/wp-content\/uploads\/2024\/11\/il-sole-fonte-di-vita-e-saggezza-universale.jpg","keywords":["energia","saggezza","sole"],"articleSection":["Filosofia"],"inLanguage":"en-US"},{"@type":"WebPage","@id":"https:\/\/www.shaktipathinternational.com\/il-sole-fonte-di-vita-energia-e-saggezza-universale\/","url":"https:\/\/www.shaktipathinternational.com\/il-sole-fonte-di-vita-energia-e-saggezza-universale\/","name":"Il Sole: Fonte di Vita, Energia e Saggezza Universale - Shaktipath","isPartOf":{"@id":"https:\/\/www.shaktipathinternational.com\/#website"},"primaryImageOfPage":{"@id":"https:\/\/www.shaktipathinternational.com\/il-sole-fonte-di-vita-energia-e-saggezza-universale\/#primaryimage"},"image":{"@id":"https:\/\/www.shaktipathinternational.com\/il-sole-fonte-di-vita-energia-e-saggezza-universale\/#primaryimage"},"thumbnailUrl":"https:\/\/www.shaktipathinternational.com\/wp-content\/uploads\/2024\/11\/il-sole-fonte-di-vita-e-saggezza-universale.jpg","datePublished":"2024-11-20T11:11:00+00:00","author":{"@id":"https:\/\/www.shaktipathinternational.com\/#\/schema\/person\/a66cc9b8a9083e17c58d21b94941e8f1"},"description":"Il sole, fonte di vita e saggezza, pu\u00f2 trasformare la tua energia interiore attraverso il prana, la meditazione e lo yoga.","breadcrumb":{"@id":"https:\/\/www.shaktipathinternational.com\/il-sole-fonte-di-vita-energia-e-saggezza-universale\/#breadcrumb"},"inLanguage":"en-US","potentialAction":[{"@type":"ReadAction","target":["https:\/\/www.shaktipathinternational.com\/il-sole-fonte-di-vita-energia-e-saggezza-universale\/"]}]},{"@type":"ImageObject","inLanguage":"en-US","@id":"https:\/\/www.shaktipathinternational.com\/il-sole-fonte-di-vita-energia-e-saggezza-universale\/#primaryimage","url":"https:\/\/www.shaktipathinternational.com\/wp-content\/uploads\/2024\/11\/il-sole-fonte-di-vita-e-saggezza-universale.jpg","contentUrl":"https:\/\/www.shaktipathinternational.com\/wp-content\/uploads\/2024\/11\/il-sole-fonte-di-vita-e-saggezza-universale.jpg","width":2240,"height":1260,"caption":"il sole, fonte di vita e saggezza, pu\u00f2 trasformare la tua energia interiore attraverso il prana, la meditazione e lo yoga. Un viaggio verso armonia e luce."},{"@type":"BreadcrumbList","@id":"https:\/\/www.shaktipathinternational.com\/il-sole-fonte-di-vita-energia-e-saggezza-universale\/#breadcrumb","itemListElement":[{"@type":"ListItem","position":1,"name":"Home","item":"https:\/\/www.shaktipathinternational.com\/"},{"@type":"ListItem","position":2,"name":"Il Sole: Fonte di Vita, Energia e Saggezza Universale"}]},{"@type":"WebSite","@id":"https:\/\/www.shaktipathinternational.com\/#website","url":"https:\/\/www.shaktipathinternational.com\/","name":"Shaktipath","description":"Shaktipath International","potentialAction":[{"@type":"SearchAction","target":{"@type":"EntryPoint","urlTemplate":"https:\/\/www.shaktipathinternational.com\/?s={search_term_string}"},"query-input":{"@type":"PropertyValueSpecification","valueRequired":true,"valueName":"search_term_string"}}],"inLanguage":"en-US"},{"@type":"Person","@id":"https:\/\/www.shaktipathinternational.com\/#\/schema\/person\/a66cc9b8a9083e17c58d21b94941e8f1","name":"Arjuna Das","image":{"@type":"ImageObject","inLanguage":"en-US","@id":"https:\/\/secure.gravatar.com\/avatar\/d0472a742d42fe1dd0fbeb4f89e6ab05c089b6cd1a1f9e72c2a7526acfe98bbb?s=96&d=mm&r=g","url":"https:\/\/secure.gravatar.com\/avatar\/d0472a742d42fe1dd0fbeb4f89e6ab05c089b6cd1a1f9e72c2a7526acfe98bbb?s=96&d=mm&r=g","contentUrl":"https:\/\/secure.gravatar.com\/avatar\/d0472a742d42fe1dd0fbeb4f89e6ab05c089b6cd1a1f9e72c2a7526acfe98bbb?s=96&d=mm&r=g","caption":"Arjuna Das"},"url":"https:\/\/www.shaktipathinternational.com\/en\/author\/arjuna\/"}]}},"_links":{"self":[{"href":"https:\/\/www.shaktipathinternational.com\/en\/wp-json\/wp\/v2\/posts\/634","targetHints":{"allow":["GET"]}}],"collection":[{"href":"https:\/\/www.shaktipathinternational.com\/en\/wp-json\/wp\/v2\/posts"}],"about":[{"href":"https:\/\/www.shaktipathinternational.com\/en\/wp-json\/wp\/v2\/types\/post"}],"author":[{"embeddable":true,"href":"https:\/\/www.shaktipathinternational.com\/en\/wp-json\/wp\/v2\/users\/2"}],"replies":[{"embeddable":true,"href":"https:\/\/www.shaktipathinternational.com\/en\/wp-json\/wp\/v2\/comments?post=634"}],"version-history":[{"count":5,"href":"https:\/\/www.shaktipathinternational.com\/en\/wp-json\/wp\/v2\/posts\/634\/revisions"}],"predecessor-version":[{"id":641,"href":"https:\/\/www.shaktipathinternational.com\/en\/wp-json\/wp\/v2\/posts\/634\/revisions\/641"}],"wp:featuredmedia":[{"embeddable":true,"href":"https:\/\/www.shaktipathinternational.com\/en\/wp-json\/wp\/v2\/media\/635"}],"wp:attachment":[{"href":"https:\/\/www.shaktipathinternational.com\/en\/wp-json\/wp\/v2\/media?parent=634"}],"wp:term":[{"taxonomy":"category","embeddable":true,"href":"https:\/\/www.shaktipathinternational.com\/en\/wp-json\/wp\/v2\/categories?post=634"},{"taxonomy":"post_tag","embeddable":true,"href":"https:\/\/www.shaktipathinternational.com\/en\/wp-json\/wp\/v2\/tags?post=634"}],"curies":[{"name":"wp","href":"https:\/\/api.w.org\/{rel}","templated":true}]}}